{"id":7625,"date":"2026-03-11T19:12:00","date_gmt":"2026-03-11T18:12:00","guid":{"rendered":"https:\/\/istitutosuperioresezze.edu.it\/scuola\/?p=7625"},"modified":"2026-03-11T19:12:00","modified_gmt":"2026-03-11T18:12:00","slug":"i-nostri-studenti-alla-scoperta-del-cuore-agricolo-di-sezze-con-la-visita-alla-san-lidano","status":"publish","type":"post","link":"https:\/\/istitutosuperioresezze.edu.it\/scuola\/i-nostri-studenti-alla-scoperta-del-cuore-agricolo-di-sezze-con-la-visita-alla-san-lidano\/","title":{"rendered":"I nostri studenti alla scoperta del cuore agricolo di Sezze con la visita alla &#8220;San Lidano&#8221;"},"content":{"rendered":"<p>Il percorso formativo degli studenti del corso serale di Enogastronomia dell\u2019Istituto Pacifici e de Magistris di Sezze ha vissuto una tappa fondamentale grazie alla visita esclusiva presso la <strong>Cooperativa Agricola &#8220;San Lidano&#8221;<\/strong>.<\/p>\n<p>Questa realt\u00e0 di eccellenza nel settore della quarta gamma ha aperto le proprie porte per mostrare l\u2019intero ciclo produttivo dei prodotti ortofrutticoli, permettendo ai futuri chef e operatori del settore di toccare con mano come la materia prima si trasformi dal campo alla tavola.<\/p>\n<p>L\u2019iniziativa ha visto la partecipazione straordinaria del Sindaco di Sezze Lucidi, la cui presenza ha sottolineato il legame profondo tra le istituzioni scolastiche e il tessuto produttivo locale. La Dott.ssa Marzia Di Pastina della San Lidano ha accolto con grande entusiasmo la delegazione scolastica illustrando la storia di una cooperativa nata nel 1997 e diventata oggi un punto di riferimento nazionale per la qualit\u00e0 e la freschezza. Durante l&#8217;incontro il Responsabile della Sicurezza Alimentare Paolo Cappuccio ha guidato i ragazzi attraverso i temi della tracciabilit\u00e0 del prodotto e delle rigorose norme igieniche necessarie per evitare ogni tipo di contaminazione.<\/p>\n<p>Gli studenti hanno potuto osservare da vicino come vengono gestite le non conformit\u00e0 alimentari e come il concetto di qualit\u00e0 certificata superi quello della semplice percezione del cliente. La mattinata si \u00e8 conclusa con una coinvolgente degustazione tecnica di prodotti locali, dove la teoria ha lasciato spazio alla pratica culinaria sotto la guida dello Chef Simone Nardoni, Stella Michelin del ristorante Essenza. Originario del territorio pontino, Nardoni ha saputo interpretare le proprie radici attraverso la preparazione magistrale di piatti a base di pasta fresca e ortaggi di stagione, coniugando memoria e innovazione. Questa sinergia tra scuola e impresa rappresenta un modello vincente per lo sviluppo delle competenze professionali nel territorio pontino.<\/p>\n<p><img decoding=\"async\" class=\"alignnone size-medium wp-image-7626\" src=\"https:\/\/istitutosuperioresezze.edu.it\/scuola\/wp-content\/uploads\/2026\/03\/WhatsApp-Image-2026-03-11-at-14.48.56-300x225.jpeg\" alt=\"\" width=\"300\" height=\"225\" srcset=\"https:\/\/istitutosuperioresezze.edu.it\/scuola\/wp-content\/uploads\/2026\/03\/WhatsApp-Image-2026-03-11-at-14.48.56-300x225.jpeg 300w, https:\/\/istitutosuperioresezze.edu.it\/scuola\/wp-content\/uploads\/2026\/03\/WhatsApp-Image-2026-03-11-at-14.48.56-1024x768.jpeg 1024w, https:\/\/istitutosuperioresezze.edu.it\/scuola\/wp-content\/uploads\/2026\/03\/WhatsApp-Image-2026-03-11-at-14.48.56-768x576.jpeg 768w, https:\/\/istitutosuperioresezze.edu.it\/scuola\/wp-content\/uploads\/2026\/03\/WhatsApp-Image-2026-03-11-at-14.48.56-1536x1152.jpeg 1536w, https:\/\/istitutosuperioresezze.edu.it\/scuola\/wp-content\/uploads\/2026\/03\/WhatsApp-Image-2026-03-11-at-14.48.56-333x250.jpeg 333w, https:\/\/istitutosuperioresezze.edu.it\/scuola\/wp-content\/uploads\/2026\/03\/WhatsApp-Image-2026-03-11-at-14.48.56.jpeg 1600w\" sizes=\"(max-width: 300px) 100vw, 300px\" \/> <img decoding=\"async\" class=\"alignnone size-medium wp-image-7635\" src=\"https:\/\/istitutosuperioresezze.edu.it\/scuola\/wp-content\/uploads\/2026\/03\/WhatsApp-Image-2026-03-11-at-15.28.40-300x169.jpeg\" alt=\"\" width=\"300\" height=\"169\" srcset=\"https:\/\/istitutosuperioresezze.edu.it\/scuola\/wp-content\/uploads\/2026\/03\/WhatsApp-Image-2026-03-11-at-15.28.40-300x169.jpeg 300w, https:\/\/istitutosuperioresezze.edu.it\/scuola\/wp-content\/uploads\/2026\/03\/WhatsApp-Image-2026-03-11-at-15.28.40-1024x576.jpeg 1024w, https:\/\/istitutosuperioresezze.edu.it\/scuola\/wp-content\/uploads\/2026\/03\/WhatsApp-Image-2026-03-11-at-15.28.40-768x432.jpeg 768w, https:\/\/istitutosuperioresezze.edu.it\/scuola\/wp-content\/uploads\/2026\/03\/WhatsApp-Image-2026-03-11-at-15.28.40-1536x864.jpeg 1536w, https:\/\/istitutosuperioresezze.edu.it\/scuola\/wp-content\/uploads\/2026\/03\/WhatsApp-Image-2026-03-11-at-15.28.40-444x250.jpeg 444w, https:\/\/istitutosuperioresezze.edu.it\/scuola\/wp-content\/uploads\/2026\/03\/WhatsApp-Image-2026-03-11-at-15.28.40.jpeg 2040w\" sizes=\"(max-width: 300px) 100vw, 300px\" \/> \u00a0 <img decoding=\"async\" class=\"alignnone size-medium wp-image-7631\" src=\"https:\/\/istitutosuperioresezze.edu.it\/scuola\/wp-content\/uploads\/2026\/03\/WhatsApp-Image-2026-03-11-at-14.48.57-5-300x225.jpeg\" alt=\"\" width=\"300\" height=\"225\" srcset=\"https:\/\/istitutosuperioresezze.edu.it\/scuola\/wp-content\/uploads\/2026\/03\/WhatsApp-Image-2026-03-11-at-14.48.57-5-300x225.jpeg 300w, https:\/\/istitutosuperioresezze.edu.it\/scuola\/wp-content\/uploads\/2026\/03\/WhatsApp-Image-2026-03-11-at-14.48.57-5-1024x768.jpeg 1024w, https:\/\/istitutosuperioresezze.edu.it\/scuola\/wp-content\/uploads\/2026\/03\/WhatsApp-Image-2026-03-11-at-14.48.57-5-768x576.jpeg 768w, https:\/\/istitutosuperioresezze.edu.it\/scuola\/wp-content\/uploads\/2026\/03\/WhatsApp-Image-2026-03-11-at-14.48.57-5-1536x1152.jpeg 1536w, https:\/\/istitutosuperioresezze.edu.it\/scuola\/wp-content\/uploads\/2026\/03\/WhatsApp-Image-2026-03-11-at-14.48.57-5-333x250.jpeg 333w, https:\/\/istitutosuperioresezze.edu.it\/scuola\/wp-content\/uploads\/2026\/03\/WhatsApp-Image-2026-03-11-at-14.48.57-5.jpeg 2048w\" sizes=\"(max-width: 300px) 100vw, 300px\" \/><\/p>\n","protected":false},"excerpt":{"rendered":"<p>Il percorso formativo degli studenti del corso serale di Enogastronomia dell\u2019Istituto Pacifici e de Magistris di Sezze ha vissuto una tappa fondamentale grazie alla visita esclusiva presso la Cooperativa Agricola &#8220;San Lidano&#8221;. Questa realt\u00e0 di eccellenza [&hellip;]<\/p>\n","protected":false},"author":9,"featured_media":7632,"comment_status":"closed","ping_status":"open","sticky":false,"template":"","format":"standard","meta":{"footnotes":""},"tags":[],"class_list":["post-7625","post","type-post","status-publish","format-standard","has-post-thumbnail","hentry","tipologia-articolo-articoli-in-evidenza"],"_links":{"self":[{"href":"https:\/\/istitutosuperioresezze.edu.it\/scuola\/wp-json\/wp\/v2\/posts\/7625","targetHints":{"allow":["GET"]}}],"collection":[{"href":"https:\/\/istitutosuperioresezze.edu.it\/scuola\/wp-json\/wp\/v2\/posts"}],"about":[{"href":"https:\/\/istitutosuperioresezze.edu.it\/scuola\/wp-json\/wp\/v2\/types\/post"}],"author":[{"embeddable":true,"href":"https:\/\/istitutosuperioresezze.edu.it\/scuola\/wp-json\/wp\/v2\/users\/9"}],"replies":[{"embeddable":true,"href":"https:\/\/istitutosuperioresezze.edu.it\/scuola\/wp-json\/wp\/v2\/comments?post=7625"}],"version-history":[{"count":3,"href":"https:\/\/istitutosuperioresezze.edu.it\/scuola\/wp-json\/wp\/v2\/posts\/7625\/revisions"}],"predecessor-version":[{"id":7638,"href":"https:\/\/istitutosuperioresezze.edu.it\/scuola\/wp-json\/wp\/v2\/posts\/7625\/revisions\/7638"}],"wp:featuredmedia":[{"embeddable":true,"href":"https:\/\/istitutosuperioresezze.edu.it\/scuola\/wp-json\/wp\/v2\/media\/7632"}],"wp:attachment":[{"href":"https:\/\/istitutosuperioresezze.edu.it\/scuola\/wp-json\/wp\/v2\/media?parent=7625"}],"wp:term":[{"taxonomy":"post_tag","embeddable":true,"href":"https:\/\/istitutosuperioresezze.edu.it\/scuola\/wp-json\/wp\/v2\/tags?post=7625"}],"curies":[{"name":"wp","href":"https:\/\/api.w.org\/{rel}","templated":true}]}}