{"id":7767,"date":"2026-03-26T21:03:54","date_gmt":"2026-03-26T20:03:54","guid":{"rendered":"https:\/\/istitutosuperioresezze.edu.it\/scuola\/?p=7767"},"modified":"2026-03-26T21:07:32","modified_gmt":"2026-03-26T20:07:32","slug":"leredita-di-don-milani-vibra-al-pacifici-e-de-magistris","status":"publish","type":"post","link":"https:\/\/istitutosuperioresezze.edu.it\/scuola\/leredita-di-don-milani-vibra-al-pacifici-e-de-magistris\/","title":{"rendered":"L\u2019eredit\u00e0 di Don Milani vibra al Pacifici e De Magistris"},"content":{"rendered":"<p data-path-to-node=\"4\"><b data-path-to-node=\"4\" data-index-in-node=\"0\">\u201cI Care\u201d: non solo un motto, ma un impegno concreto che ha riempito di significato l\u2019Auditorium S. Michele Arcangelo.<\/b> Lo scorso 12 marzo, la nostra comunit\u00e0 scolastica ha vissuto una mattinata di eccezionale valore civile e pedagogico, riscoprendo l\u2019attualit\u00e0 di Don Lorenzo Milani attraverso voci autorevoli e testimonianze dirette.<\/p>\n<p data-path-to-node=\"5\">L&#8217;evento, promosso dall\u2019<b data-path-to-node=\"5\" data-index-in-node=\"24\">ISISS Pacifici e De Magistris<\/b> in collaborazione con la <b data-path-to-node=\"5\" data-index-in-node=\"79\">Fondazione Don Lorenzo Milani<\/b> e <b data-path-to-node=\"5\" data-index-in-node=\"111\">Fuori Classe<\/b>, ha dimostrato come il messaggio di Barbiana sia pi\u00f9 vivo che mai nelle sfide della scuola contemporanea.<\/p>\n<h3 data-path-to-node=\"6\">La scuola come strumento di libert\u00e0<\/h3>\n<p data-path-to-node=\"7\">L&#8217;apertura dei lavori \u00e8 stata affidata alla Dirigente Scolastica, <b data-path-to-node=\"7\" data-index-in-node=\"66\">Rossella Marra<\/b>, che nei suoi saluti istituzionali ha sottolineato l&#8217;importanza di una scuola che non si limita a istruire, ma che &#8220;si fa carico&#8221; di ogni singolo studente, valorizzando il merito senza mai dimenticare chi resta indietro.<\/p>\n<p data-path-to-node=\"8\">Ad onorare l&#8217;evento l\u2019intervento di <b data-path-to-node=\"8\" data-index-in-node=\"27\">Rosy Bindi<\/b>, Presidente del Comitato nazionale per il Centenario di Don Lorenzo Milani, ha offerto una lucida analisi politica e sociale.<\/p>\n<h3 data-path-to-node=\"9\">Il battito di Barbiana nelle parole di Agostino Burberi<\/h3>\n<p data-path-to-node=\"10\">Il momento di massima commozione e partecipazione \u00e8 arrivato con la testimonianza di <b data-path-to-node=\"10\" data-index-in-node=\"85\">Agostino Burberi<\/b>. Primo alunno di Don Lorenzo a Barbiana, Burberi ha letteralmente trasportato la platea di studenti e docenti tra i banchi di quella &#8220;scuola del popolo&#8221; che ha rivoluzionato la pedagogia italiana.<\/p>\n<h3 data-path-to-node=\"12\">Un seme per il futuro<\/h3>\n<p data-path-to-node=\"13\">Per gli studenti del nostro Istituto, l\u2019incontro del 12 marzo ha rappresentato un giro di boa nel percorso di quest&#8217;anno scolastico. La grande partecipazione e le numerose domande poste ai relatori testimoniano che il <b data-path-to-node=\"13\" data-index-in-node=\"218\">\u201cMi sta a cuore\u201d<\/b> \u00e8 un concetto che appartiene profondamente alle nuove generazioni, desiderose di essere protagoniste del proprio tempo.<\/p>\n<p data-path-to-node=\"14\">L\u2019ISISS Pacifici e De Magistris ringrazia i relatori, i partner e tutti i partecipanti per aver reso questa giornata un tassello fondamentale nella costruzione di una coscienza civile collettiva.<\/p>\n<hr data-path-to-node=\"15\" \/>\n<blockquote data-path-to-node=\"16\">\n<p data-path-to-node=\"16,0\"><i data-path-to-node=\"16,0\" data-index-in-node=\"0\">&#8220;Ho imparato che il problema degli altri \u00e8 uguale al mio. Sortirne tutti insieme \u00e8 la politica. Sortirne da soli \u00e8 l&#8217;avarizia.&#8221;<\/i> \u2013 Don Lorenzo Milani<\/p>\n<\/blockquote>\n","protected":false},"excerpt":{"rendered":"<p>\u201cI Care\u201d: non solo un motto, ma un impegno concreto che ha riempito di significato l\u2019Auditorium S. Michele Arcangelo. Lo scorso 12 marzo, la nostra comunit\u00e0 scolastica ha vissuto una mattinata di eccezionale valore civile e [&hellip;]<\/p>\n","protected":false},"author":9,"featured_media":7490,"comment_status":"closed","ping_status":"open","sticky":false,"template":"","format":"standard","meta":{"footnotes":""},"tags":[],"class_list":["post-7767","post","type-post","status-publish","format-standard","has-post-thumbnail","hentry","tipologia-articolo-articoli-in-evidenza"],"_links":{"self":[{"href":"https:\/\/istitutosuperioresezze.edu.it\/scuola\/wp-json\/wp\/v2\/posts\/7767","targetHints":{"allow":["GET"]}}],"collection":[{"href":"https:\/\/istitutosuperioresezze.edu.it\/scuola\/wp-json\/wp\/v2\/posts"}],"about":[{"href":"https:\/\/istitutosuperioresezze.edu.it\/scuola\/wp-json\/wp\/v2\/types\/post"}],"author":[{"embeddable":true,"href":"https:\/\/istitutosuperioresezze.edu.it\/scuola\/wp-json\/wp\/v2\/users\/9"}],"replies":[{"embeddable":true,"href":"https:\/\/istitutosuperioresezze.edu.it\/scuola\/wp-json\/wp\/v2\/comments?post=7767"}],"version-history":[{"count":3,"href":"https:\/\/istitutosuperioresezze.edu.it\/scuola\/wp-json\/wp\/v2\/posts\/7767\/revisions"}],"predecessor-version":[{"id":7772,"href":"https:\/\/istitutosuperioresezze.edu.it\/scuola\/wp-json\/wp\/v2\/posts\/7767\/revisions\/7772"}],"wp:featuredmedia":[{"embeddable":true,"href":"https:\/\/istitutosuperioresezze.edu.it\/scuola\/wp-json\/wp\/v2\/media\/7490"}],"wp:attachment":[{"href":"https:\/\/istitutosuperioresezze.edu.it\/scuola\/wp-json\/wp\/v2\/media?parent=7767"}],"wp:term":[{"taxonomy":"post_tag","embeddable":true,"href":"https:\/\/istitutosuperioresezze.edu.it\/scuola\/wp-json\/wp\/v2\/tags?post=7767"}],"curies":[{"name":"wp","href":"https:\/\/api.w.org\/{rel}","templated":true}]}}