{"id":7774,"date":"2026-03-26T22:06:33","date_gmt":"2026-03-26T21:06:33","guid":{"rendered":"https:\/\/istitutosuperioresezze.edu.it\/scuola\/?p=7774"},"modified":"2026-03-28T10:45:54","modified_gmt":"2026-03-28T09:45:54","slug":"listituto-pacifici-e-de-magistris-brilla-alla-xv-coffee-competition-di-anzio","status":"publish","type":"post","link":"https:\/\/istitutosuperioresezze.edu.it\/scuola\/listituto-pacifici-e-de-magistris-brilla-alla-xv-coffee-competition-di-anzio\/","title":{"rendered":"L&#8217;Istituto Pacifici e De Magistris brilla alla XV Coffee Competition di Anzio"},"content":{"rendered":"<p data-path-to-node=\"3\"><b data-path-to-node=\"3\" data-index-in-node=\"0\">Anzio, 26 marzo 2026<\/b> \u2013 La caffetteria non \u00e8 solo questione di tecnica e miscele, ma un racconto di identit\u00e0, coraggio e territorio. Lo hanno dimostrato con orgoglio gli studenti della <b data-path-to-node=\"3\" data-index-in-node=\"184\">4B del corso serale dell\u2019Istituto Superiore \u201cPacifici e De Magistris\u201d di Sezze<\/b>, protagonisti assoluti della <b data-path-to-node=\"3\" data-index-in-node=\"292\">XV Coffee Competition<\/b>, svoltasi oggi presso la sede di via Nerone dell\u2019IIS \u201cApicio Colonna Gatti\u201d di Anzio.<\/p>\n<h3 data-path-to-node=\"4\">Una sfida nazionale dal cuore setino<\/h3>\n<p data-path-to-node=\"5\">In una competizione che ha visto sfidarsi <b data-path-to-node=\"5\" data-index-in-node=\"42\">22 istituti alberghieri<\/b> provenienti da tutta Italia, i nostri studenti hanno segnato un momento storico: per la prima volta, la kermesse dedicata alla memoria di Martina Forino ha aperto le porte a un corso serale per adulti.<\/p>\n<p data-path-to-node=\"6\">Sotto la guida attenta dei professori <b data-path-to-node=\"6\" data-index-in-node=\"38\">Greco e Pacifico<\/b>, il team di Sezze ha portato in gara non solo la professionalit\u00e0 acquisita, ma l\u2019anima stessa dei Monti Lepini. La giuria e il pubblico sono rimasti affascinati da due creazioni che hanno saputo osare:<\/p>\n<ul data-path-to-node=\"7\">\n<li>\n<p data-path-to-node=\"7,0,0\"><b data-path-to-node=\"7,0,0\" data-index-in-node=\"0\">\u201cEssenza e Perla\u201d<\/b>: un dolce raffinato capace di esaltare la visciola locale.<\/p>\n<\/li>\n<li>\n<p data-path-to-node=\"7,1,0\"><b data-path-to-node=\"7,1,0\" data-index-in-node=\"0\">\u201cCarciof\u00e8\u201d<\/b>: un cocktail audace e innovativo dedicato al re della tavola setina, il carciofo.<\/p>\n<\/li>\n<\/ul>\n<h3 data-path-to-node=\"8\">Un successo che va oltre il podio<\/h3>\n<p data-path-to-node=\"9\">Sebbene il verdetto tecnico non abbia assegnato il gradino pi\u00f9 alto del podio, il &#8220;Pacifici e De Magistris&#8221; ha ottenuto il riconoscimento pi\u00f9 prezioso: la <b data-path-to-node=\"9\" data-index-in-node=\"155\">commozione e l&#8217;ammirazione unanime<\/b>.<\/p>\n<p data-path-to-node=\"10\">Il momento pi\u00f9 toccante della giornata \u00e8 arrivato durante le premiazioni, quando la Dirigente Scolastica dell\u2019Istituto di Anzio ha rivolto un ringraziamento pubblico alla nostra classe. Le sue parole hanno sottolineato come la partecipazione degli studenti adulti del serale abbia arricchito il concorso di un significato umano profondo, ricordando a tutti che <b data-path-to-node=\"10\" data-index-in-node=\"361\">la voglia di imparare e di mettersi in gioco non ha data di scadenza<\/b>.<\/p>\n<h3 data-path-to-node=\"11\">Un esempio per tutta la comunit\u00e0 scolastica<\/h3>\n<p data-path-to-node=\"12\">Questa esperienza rappresenta il coronamento di un percorso formativo che va oltre i banchi di scuola. Agli studenti della 4B va il plauso di tutto l\u2019Istituto: avete dimostrato che la passione \u00e8 il motore pi\u00f9 potente e che il legame con le proprie radici pu\u00f2 trasformarsi in eccellenza professionale.<\/p>\n<blockquote data-path-to-node=\"13\">\n<p data-path-to-node=\"13,0\">&#8220;\u00c8 stato un onore vedere i nostri studenti competere a testa alta con i migliori talenti nazionali, portando con s\u00e9 l\u2019identit\u00e0 di Sezze e una lezione di vita che rester\u00e0 negli annali di questa manifestazione.&#8221;<\/p>\n<\/blockquote>\n<p data-path-to-node=\"13,0\"><img decoding=\"async\" src=\"https:\/\/www.corrierepontino.it\/wp-content\/uploads\/2026\/03\/d568537e-4a0f-40dd-a9ce-3aeba8a2a805-scaled.jpeg\" \/><\/p>\n","protected":false},"excerpt":{"rendered":"<p>Anzio, 26 marzo 2026 \u2013 La caffetteria non \u00e8 solo questione di tecnica e miscele, ma un racconto di identit\u00e0, coraggio e territorio. Lo hanno dimostrato con orgoglio gli studenti della 4B del corso serale dell\u2019Istituto [&hellip;]<\/p>\n","protected":false},"author":9,"featured_media":7776,"comment_status":"closed","ping_status":"open","sticky":false,"template":"","format":"standard","meta":{"footnotes":""},"tags":[],"class_list":["post-7774","post","type-post","status-publish","format-standard","has-post-thumbnail","hentry","tipologia-articolo-notizie"],"_links":{"self":[{"href":"https:\/\/istitutosuperioresezze.edu.it\/scuola\/wp-json\/wp\/v2\/posts\/7774","targetHints":{"allow":["GET"]}}],"collection":[{"href":"https:\/\/istitutosuperioresezze.edu.it\/scuola\/wp-json\/wp\/v2\/posts"}],"about":[{"href":"https:\/\/istitutosuperioresezze.edu.it\/scuola\/wp-json\/wp\/v2\/types\/post"}],"author":[{"embeddable":true,"href":"https:\/\/istitutosuperioresezze.edu.it\/scuola\/wp-json\/wp\/v2\/users\/9"}],"replies":[{"embeddable":true,"href":"https:\/\/istitutosuperioresezze.edu.it\/scuola\/wp-json\/wp\/v2\/comments?post=7774"}],"version-history":[{"count":1,"href":"https:\/\/istitutosuperioresezze.edu.it\/scuola\/wp-json\/wp\/v2\/posts\/7774\/revisions"}],"predecessor-version":[{"id":7775,"href":"https:\/\/istitutosuperioresezze.edu.it\/scuola\/wp-json\/wp\/v2\/posts\/7774\/revisions\/7775"}],"wp:featuredmedia":[{"embeddable":true,"href":"https:\/\/istitutosuperioresezze.edu.it\/scuola\/wp-json\/wp\/v2\/media\/7776"}],"wp:attachment":[{"href":"https:\/\/istitutosuperioresezze.edu.it\/scuola\/wp-json\/wp\/v2\/media?parent=7774"}],"wp:term":[{"taxonomy":"post_tag","embeddable":true,"href":"https:\/\/istitutosuperioresezze.edu.it\/scuola\/wp-json\/wp\/v2\/tags?post=7774"}],"curies":[{"name":"wp","href":"https:\/\/api.w.org\/{rel}","templated":true}]}}