{"id":7844,"date":"2026-03-31T21:30:55","date_gmt":"2026-03-31T19:30:55","guid":{"rendered":"https:\/\/istitutosuperioresezze.edu.it\/scuola\/?p=7844"},"modified":"2026-03-31T21:31:32","modified_gmt":"2026-03-31T19:31:32","slug":"2-aprile-la-scuola-si-illumina-di-blu-per-la-giornata-mondiale-della-consapevolezza-sullautismo","status":"publish","type":"post","link":"https:\/\/istitutosuperioresezze.edu.it\/scuola\/2-aprile-la-scuola-si-illumina-di-blu-per-la-giornata-mondiale-della-consapevolezza-sullautismo\/","title":{"rendered":"La Scuola si illumina di Blu per la Giornata Mondiale della Consapevolezza sull\u2019Autismo"},"content":{"rendered":"<p id=\"p-rc_7410ea64007099a2-19\" data-path-to-node=\"5\"><span data-path-to-node=\"5,0\"><span class=\"citation-21\">Il prossimo <\/span><b data-path-to-node=\"5,0\" data-index-in-node=\"19\"><span class=\"citation-21\">2 aprile<\/span><\/b><span class=\"citation-21\"> ricorrer\u00e0 la <\/span><b data-path-to-node=\"5,0\" data-index-in-node=\"41\"><span class=\"citation-21\">Giornata Mondiale della Consapevolezza sull\u2019Autismo<\/span><\/b><span class=\"citation-21\">, ricorrenza istituita nel 2007 dall\u2019Assemblea Generale dell\u2019Organizzazione delle Nazioni Unite per richiamare l\u2019attenzione sui diritti delle persone con disabilit\u00e0 e delle loro famiglie<\/span><\/span><span data-path-to-node=\"5,2\">. <\/span><span data-path-to-node=\"5,4\"><span class=\"citation-20\">Anche quest\u2019anno, il Ministero dell\u2019Istruzione e del Merito (MIM) ha confermato il proprio impegno simbolico illuminando di <\/span><b data-path-to-node=\"5,4\" data-index-in-node=\"124\"><span class=\"citation-20\">blu<\/span><\/b><span class=\"citation-20\"> \u2013 colore scelto dall&#8217;ONU per la sensibilizzazione sullo spettro autistico \u2013 il Palazzo dell&#8217;Istruzione<\/span><\/span><span data-path-to-node=\"5,6\">.<\/span><\/p>\n<h3 data-path-to-node=\"6\">Un modello di inclusione in costante evoluzione<\/h3>\n<p id=\"p-rc_7410ea64007099a2-20\" data-path-to-node=\"7\"><span data-path-to-node=\"7,1\"><span class=\"citation-19\">Attraverso una nota ufficiale indirizzata ai Dirigenti Scolastici, il Ministro <\/span><b data-path-to-node=\"7,1\" data-index-in-node=\"79\"><span class=\"citation-19\">Giuseppe Valditara<\/span><\/b><span class=\"citation-19\"> ha ribadito come la scuola italiana, fondata sui principi costituzionali, rappresenti un modello di inclusione riconosciuto e apprezzato a livello internazionale<\/span><\/span><span data-path-to-node=\"7,3\">. <\/span><span data-path-to-node=\"7,5\"><span class=\"citation-18\">L&#8217;obiettivo centrale resta la <\/span><b data-path-to-node=\"7,5\" data-index-in-node=\"30\"><span class=\"citation-18\">personalizzazione degli apprendimenti<\/span><\/b><span class=\"citation-18\">, ponendo lo studente al cuore dell&#8217;azione educativa per garantirne la crescita e l&#8217;autonomia<\/span><\/span><span data-path-to-node=\"7,7\">.<\/span><\/p>\n<h3 data-path-to-node=\"8\">L&#8217;iniziativa nel nostro Istituto<\/h3>\n<p id=\"p-rc_7410ea64007099a2-21\" data-path-to-node=\"9\"><span data-path-to-node=\"9,1\"><span class=\"citation-17\">Accogliendo l&#8217;invito dell&#8217;Ufficio Scolastico Regionale per il Lazio<\/span><\/span><span data-path-to-node=\"9,3\">, la nostra scuola si attiva per trasformare le classi e i laboratori in luoghi di confronto e approfondimento. <\/span><span data-path-to-node=\"9,5\"><span class=\"citation-16\">La Giornata del 2 aprile non sar\u00e0 solo una ricorrenza formale, ma un&#8217;importante esperienza di <\/span><b data-path-to-node=\"9,5\" data-index-in-node=\"94\"><span class=\"citation-16\">Educazione Civica <\/span><\/b><span class=\"citation-16\">per s<\/span><\/span><span class=\"citation-15\">ensibilizzare<\/span><span class=\"citation-15\"> l&#8217;intera comunit\u00e0 scolastica sulla conoscenza dei disturbi dello spettro autistico e v<\/span><span data-path-to-node=\"11,1,1,0\"><span class=\"citation-14\">alorizzare<\/span><span class=\"citation-14\"> le potenzialit\u00e0 di ogni singolo studente, riconoscendo la diversit\u00e0 come risorsa<\/span><\/span><span data-path-to-node=\"11,2,1,2\">.<\/span><\/p>\n<blockquote data-path-to-node=\"12\">\n<p id=\"p-rc_7410ea64007099a2-25\" data-path-to-node=\"12,0\"><span data-path-to-node=\"12,0,1\"><span class=\"citation-12\">&#8220;Ogni differente individualit\u00e0 deve essere riconosciuta e valorizzata, cos\u00ec da garantire a tutti gli studenti le stesse possibilit\u00e0 di partecipazione e crescita&#8221;<\/span><\/span><span data-path-to-node=\"12,0,3\">.<\/span><\/p>\n<\/blockquote>\n<p id=\"p-rc_7410ea64007099a2-26\" data-path-to-node=\"13\"><img decoding=\"async\" class=\"alignnone wp-image-7848\" src=\"https:\/\/istitutosuperioresezze.edu.it\/scuola\/wp-content\/uploads\/2026\/03\/giornata-autismo-2-aprile-4-1-300x282.jpg\" alt=\"\" width=\"422\" height=\"396\" srcset=\"https:\/\/istitutosuperioresezze.edu.it\/scuola\/wp-content\/uploads\/2026\/03\/giornata-autismo-2-aprile-4-1-300x282.jpg 300w, https:\/\/istitutosuperioresezze.edu.it\/scuola\/wp-content\/uploads\/2026\/03\/giornata-autismo-2-aprile-4-1-266x250.jpg 266w, https:\/\/istitutosuperioresezze.edu.it\/scuola\/wp-content\/uploads\/2026\/03\/giornata-autismo-2-aprile-4-1.jpg 353w\" sizes=\"(max-width: 422px) 100vw, 422px\" \/><\/p>\n","protected":false},"excerpt":{"rendered":"<p>Il prossimo 2 aprile ricorrer\u00e0 la Giornata Mondiale della Consapevolezza sull\u2019Autismo, ricorrenza istituita nel 2007 dall\u2019Assemblea Generale dell\u2019Organizzazione delle Nazioni Unite per richiamare l\u2019attenzione sui diritti delle persone con disabilit\u00e0 e delle loro famiglie. Anche quest\u2019anno, [&hellip;]<\/p>\n","protected":false},"author":9,"featured_media":7846,"comment_status":"closed","ping_status":"open","sticky":false,"template":"","format":"standard","meta":{"footnotes":""},"tags":[],"class_list":["post-7844","post","type-post","status-publish","format-standard","has-post-thumbnail","hentry","tipologia-articolo-articoli-in-evidenza"],"_links":{"self":[{"href":"https:\/\/istitutosuperioresezze.edu.it\/scuola\/wp-json\/wp\/v2\/posts\/7844","targetHints":{"allow":["GET"]}}],"collection":[{"href":"https:\/\/istitutosuperioresezze.edu.it\/scuola\/wp-json\/wp\/v2\/posts"}],"about":[{"href":"https:\/\/istitutosuperioresezze.edu.it\/scuola\/wp-json\/wp\/v2\/types\/post"}],"author":[{"embeddable":true,"href":"https:\/\/istitutosuperioresezze.edu.it\/scuola\/wp-json\/wp\/v2\/users\/9"}],"replies":[{"embeddable":true,"href":"https:\/\/istitutosuperioresezze.edu.it\/scuola\/wp-json\/wp\/v2\/comments?post=7844"}],"version-history":[{"count":4,"href":"https:\/\/istitutosuperioresezze.edu.it\/scuola\/wp-json\/wp\/v2\/posts\/7844\/revisions"}],"predecessor-version":[{"id":7851,"href":"https:\/\/istitutosuperioresezze.edu.it\/scuola\/wp-json\/wp\/v2\/posts\/7844\/revisions\/7851"}],"wp:featuredmedia":[{"embeddable":true,"href":"https:\/\/istitutosuperioresezze.edu.it\/scuola\/wp-json\/wp\/v2\/media\/7846"}],"wp:attachment":[{"href":"https:\/\/istitutosuperioresezze.edu.it\/scuola\/wp-json\/wp\/v2\/media?parent=7844"}],"wp:term":[{"taxonomy":"post_tag","embeddable":true,"href":"https:\/\/istitutosuperioresezze.edu.it\/scuola\/wp-json\/wp\/v2\/tags?post=7844"}],"curies":[{"name":"wp","href":"https:\/\/api.w.org\/{rel}","templated":true}]}}