{"id":7881,"date":"2026-04-06T22:25:16","date_gmt":"2026-04-06T20:25:16","guid":{"rendered":"https:\/\/istitutosuperioresezze.edu.it\/scuola\/?p=7881"},"modified":"2026-04-15T13:46:22","modified_gmt":"2026-04-15T11:46:22","slug":"le-donne-protagoniste-della-repubblica","status":"publish","type":"post","link":"https:\/\/istitutosuperioresezze.edu.it\/scuola\/le-donne-protagoniste-della-repubblica\/","title":{"rendered":"Le donne protagoniste della Repubblica"},"content":{"rendered":"<p data-path-to-node=\"3\">Si \u00e8 concluso con un bilancio estremamente positivo il ciclo di conferenze <b data-path-to-node=\"3\" data-index-in-node=\"83\">\u201c80 anni di Repubblica: attualit\u00e0 dei valori e dei principi\u201d<\/b>, l&#8217;ambizioso percorso di approfondimento storico e civile promosso dall\u2019<b data-path-to-node=\"3\" data-index-in-node=\"216\">ISISS \u201cPacifici e De Magistris\u201d<\/b> in stretta sinergia con il <b data-path-to-node=\"3\" data-index-in-node=\"275\">Comune di Sezze<\/b>.<\/p>\n<p data-path-to-node=\"4\">Dopo aver analizzato, nel primo incontro di febbraio, le dinamiche territoriali del voto nel dopoguerra pontino, l\u2019evento svoltosi ieri, <b data-path-to-node=\"4\" data-index-in-node=\"137\">venerd\u00ec 10 aprile 2026<\/b>, ha segnato il culmine di questo itinerario formativo, portando al centro del dibattito un tema cruciale: <b data-path-to-node=\"4\" data-index-in-node=\"266\">\u201cLe donne della Repubblica\u201d<\/b>.<\/p>\n<h3 data-path-to-node=\"5\">Un\u2019eredit\u00e0 di diritti nell\u2019Auditorium San Michele Arcangelo<\/h3>\n<p data-path-to-node=\"6\">Nella suggestiva cornice dell\u2019Auditorium San Michele Arcangelo, a partire dalle ore 11:00, gli studenti hanno vissuto un momento di altissimo profilo istituzionale. Al centro della mattinata, il ruolo imprescindibile del genere femminile nella costruzione dell\u2019architettura democratica italiana: un contributo che, dalle lotte per il suffragio alla partecipazione attiva nell&#8217;Assemblea Costituente, ha definito il volto moderno della nostra Nazione.<\/p>\n<h3 data-path-to-node=\"7\">Voci d&#8217;eccezione: il contributo di Francesca Russo e Sesa Amici<\/h3>\n<p data-path-to-node=\"8\">A guidare la platea degli studenti in questa complessa analisi sono state due relatrici di prestigio: <b data-path-to-node=\"8\" data-index-in-node=\"111\">Francesca Russo<\/b> e <b data-path-to-node=\"8\" data-index-in-node=\"129\">Sesa Amici<\/b> che, grazie alla loro esperienza nel panorama culturale e istituzionale, hanno offerto una disamina profonda sull\u2019evoluzione della cittadinanza femminile.<\/p>\n<p data-path-to-node=\"9\">Dalle figure emblematiche delle <b data-path-to-node=\"9\" data-index-in-node=\"32\">ventuno Madri Costituenti<\/b> fino alle sfide attuali della rappresentanza politica, l&#8217;incontro ha fornito alle nuove generazioni gli strumenti critici per comprendere come i diritti conquistati ieri vadano custoditi e alimentati oggi. Non si \u00e8 trattato di una semplice lezione di storia, ma di una riflessione viva sulla partecipazione civile e sulla parit\u00e0 di genere come pilastro della nostra identit\u00e0 repubblicana.<\/p>\n<h3 data-path-to-node=\"10\">Il suggello a un anno di cittadinanza attiva<\/h3>\n<p data-path-to-node=\"11\">Con questo convegno si \u00e8 chiuso ufficialmente il calendario delle grandi attivit\u00e0 culturali per l\u2019<b data-path-to-node=\"11\" data-index-in-node=\"98\">anno scolastico 2025-2026<\/b>. Per gli studenti delle classi coinvolte, l\u2019evento ha rappresentato la tappa finale di un percorso di crescita consapevole, volto a consolidare quel legame indissolubile tra scuola, territorio e memoria storica.<\/p>\n<p data-path-to-node=\"12\">L\u2019Istituto ringrazia il Comune di Sezze e tutti i relatori che, nel corso di questi mesi, hanno contribuito a trasformare le nostre aule in un laboratorio pulsante di <b data-path-to-node=\"12\" data-index-in-node=\"167\">Cittadinanza e Costituzione<\/b>, confermando il ruolo del \u201cPacifici e De Magistris\u201d come presidio culturale d\u2019eccellenza per l\u2019intera comunit\u00e0.<\/p>\n","protected":false},"excerpt":{"rendered":"<p>Si \u00e8 concluso con un bilancio estremamente positivo il ciclo di conferenze \u201c80 anni di Repubblica: attualit\u00e0 dei valori e dei principi\u201d, l&#8217;ambizioso percorso di approfondimento storico e civile promosso dall\u2019ISISS \u201cPacifici e De Magistris\u201d in [&hellip;]<\/p>\n","protected":false},"author":9,"featured_media":7887,"comment_status":"closed","ping_status":"open","sticky":false,"template":"","format":"standard","meta":{"footnotes":""},"tags":[],"class_list":["post-7881","post","type-post","status-publish","format-standard","has-post-thumbnail","hentry","tipologia-articolo-articoli-in-evidenza"],"_links":{"self":[{"href":"https:\/\/istitutosuperioresezze.edu.it\/scuola\/wp-json\/wp\/v2\/posts\/7881","targetHints":{"allow":["GET"]}}],"collection":[{"href":"https:\/\/istitutosuperioresezze.edu.it\/scuola\/wp-json\/wp\/v2\/posts"}],"about":[{"href":"https:\/\/istitutosuperioresezze.edu.it\/scuola\/wp-json\/wp\/v2\/types\/post"}],"author":[{"embeddable":true,"href":"https:\/\/istitutosuperioresezze.edu.it\/scuola\/wp-json\/wp\/v2\/users\/9"}],"replies":[{"embeddable":true,"href":"https:\/\/istitutosuperioresezze.edu.it\/scuola\/wp-json\/wp\/v2\/comments?post=7881"}],"version-history":[{"count":3,"href":"https:\/\/istitutosuperioresezze.edu.it\/scuola\/wp-json\/wp\/v2\/posts\/7881\/revisions"}],"predecessor-version":[{"id":7981,"href":"https:\/\/istitutosuperioresezze.edu.it\/scuola\/wp-json\/wp\/v2\/posts\/7881\/revisions\/7981"}],"wp:featuredmedia":[{"embeddable":true,"href":"https:\/\/istitutosuperioresezze.edu.it\/scuola\/wp-json\/wp\/v2\/media\/7887"}],"wp:attachment":[{"href":"https:\/\/istitutosuperioresezze.edu.it\/scuola\/wp-json\/wp\/v2\/media?parent=7881"}],"wp:term":[{"taxonomy":"post_tag","embeddable":true,"href":"https:\/\/istitutosuperioresezze.edu.it\/scuola\/wp-json\/wp\/v2\/tags?post=7881"}],"curies":[{"name":"wp","href":"https:\/\/api.w.org\/{rel}","templated":true}]}}