{"id":7955,"date":"2026-04-10T16:05:30","date_gmt":"2026-04-10T14:05:30","guid":{"rendered":"https:\/\/istitutosuperioresezze.edu.it\/scuola\/?p=7955"},"modified":"2026-04-10T16:27:07","modified_gmt":"2026-04-10T14:27:07","slug":"scuola-legge-e-rispetto-lisisspacifici-e-de-magistris-in-prima-linea-per-la-legalita","status":"publish","type":"post","link":"https:\/\/istitutosuperioresezze.edu.it\/scuola\/scuola-legge-e-rispetto-lisisspacifici-e-de-magistris-in-prima-linea-per-la-legalita\/","title":{"rendered":"Scuola, Legge e Rispetto: l&#8217;Istituto in prima linea per la Legalit\u00e0"},"content":{"rendered":"<p data-path-to-node=\"4\">Educare non significa solo trasmettere nozioni, ma formare coscienze capaci di riconoscere il valore della regola e la dignit\u00e0 dell\u2019altro. \u00c8 con questo spirito che l\u2019<b data-path-to-node=\"4\" data-index-in-node=\"174\">IS \u201cPacifici e De Magistris\u201d<\/b> di Sezze annuncia l\u2019evento conclusivo di un ambizioso progetto dedicato alla legalit\u00e0: la conferenza dal titolo <b data-path-to-node=\"4\" data-index-in-node=\"315\">\u201cScuola, legge e rispetto: un\u2019alleanza contro la violenza\u201d<\/b>.<\/p>\n<p data-path-to-node=\"5\">L\u2019appuntamento \u00e8 fissato per il <b data-path-to-node=\"5\" data-index-in-node=\"32\">16 aprile, alle ore 11:00<\/b>, nella cornice dell\u2019<b data-path-to-node=\"5\" data-index-in-node=\"78\">Auditorium San Michele Arcangelo<\/b>, dove la comunit\u00e0 scolastica si riunir\u00e0 per riflettere sul legame indissolubile tra giustizia e convivenza civile.<\/p>\n<h3 data-path-to-node=\"6\">Un percorso nel segno della memoria e del futuro<\/h3>\n<p data-path-to-node=\"7\">L\u2019iniziativa, fortemente voluta dalla Dirigente Scolastica <b data-path-to-node=\"7\" data-index-in-node=\"59\">Rossella Marra<\/b>, non nasce nel vuoto, ma rappresenta il culmine di un iter formativo profondo e strutturato. Il percorso ha visto i ragazzi confrontarsi gi\u00e0 con figure di altissimo rilievo, come <b data-path-to-node=\"7\" data-index-in-node=\"253\">Fiammetta Borsellino<\/b>, la cui testimonianza ha lasciato un segno indelebile sulla necessit\u00e0 di una memoria attiva e di una verit\u00e0 che si fa impegno quotidiano.<\/p>\n<h3 data-path-to-node=\"8\">Gli ospiti: magistratura e informazione a confronto<\/h3>\n<p data-path-to-node=\"9\">Per questo appuntamento finale, la scuola ospiter\u00e0 due figure chiave del panorama civile e professionale: la Dott.ssa<b data-path-to-node=\"10,0,0\" data-index-in-node=\"0\"> Luigia Spinelli,<\/b> procuratore aggiunto, la cui presenza offrir\u00e0 agli studenti uno sguardo tecnico e umano sulle dinamiche della giustizia e sul contrasto concreto alla violenza in ogni sua forma e il Dott. <b data-path-to-node=\"10,1,0\" data-index-in-node=\"0\">Egidio Fia. <\/b>giornalista, che analizzer\u00e0 il ruolo cruciale dell\u2019informazione nel decodificare la realt\u00e0, contrastare il pregiudizio e costruire una societ\u00e0 consapevole del valore della responsabilit\u00e0 individuale.<\/p>\n<h3 data-path-to-node=\"11\">La Scuola come presidio di crescita civile<\/h3>\n<p data-path-to-node=\"12\">L&#8217;evento si inserisce nell&#8217;ambito delle attivit\u00e0 di ampliamento dell&#8217;offerta formativa, confermando l&#8217;Istituto di Sezze come un vero e proprio <b data-path-to-node=\"12\" data-index-in-node=\"143\">presidio di legalit\u00e0<\/b>. L&#8217;obiettivo \u00e8 chiaro: fornire ai giovani gli strumenti critici per contrastare i fenomeni di prevaricazione attraverso il dialogo e la conoscenza delle regole del vivere comune.<\/p>\n<blockquote data-path-to-node=\"13\">\n<p data-path-to-node=\"13,0\"><i data-path-to-node=\"13,0\" data-index-in-node=\"0\">&#8220;La scuola \u00e8 il luogo dove la legalit\u00e0 smette di essere un concetto astratto per diventare pratica quotidiana di rispetto e cittadinanza attiva&#8221;<\/i> \u2013 \u00e8 il messaggio che traspare dall&#8217;impegno costante dell&#8217;Istituto.<\/p>\n<\/blockquote>\n<p data-path-to-node=\"14\">\n","protected":false},"excerpt":{"rendered":"<p>Educare non significa solo trasmettere nozioni, ma formare coscienze capaci di riconoscere il valore della regola e la dignit\u00e0 dell\u2019altro. \u00c8 con questo spirito che l\u2019IS \u201cPacifici e De Magistris\u201d di Sezze annuncia l\u2019evento conclusivo di [&hellip;]<\/p>\n","protected":false},"author":9,"featured_media":7964,"comment_status":"closed","ping_status":"open","sticky":false,"template":"","format":"standard","meta":{"footnotes":""},"tags":[],"class_list":["post-7955","post","type-post","status-publish","format-standard","has-post-thumbnail","hentry","tipologia-articolo-notizie"],"_links":{"self":[{"href":"https:\/\/istitutosuperioresezze.edu.it\/scuola\/wp-json\/wp\/v2\/posts\/7955","targetHints":{"allow":["GET"]}}],"collection":[{"href":"https:\/\/istitutosuperioresezze.edu.it\/scuola\/wp-json\/wp\/v2\/posts"}],"about":[{"href":"https:\/\/istitutosuperioresezze.edu.it\/scuola\/wp-json\/wp\/v2\/types\/post"}],"author":[{"embeddable":true,"href":"https:\/\/istitutosuperioresezze.edu.it\/scuola\/wp-json\/wp\/v2\/users\/9"}],"replies":[{"embeddable":true,"href":"https:\/\/istitutosuperioresezze.edu.it\/scuola\/wp-json\/wp\/v2\/comments?post=7955"}],"version-history":[{"count":4,"href":"https:\/\/istitutosuperioresezze.edu.it\/scuola\/wp-json\/wp\/v2\/posts\/7955\/revisions"}],"predecessor-version":[{"id":7967,"href":"https:\/\/istitutosuperioresezze.edu.it\/scuola\/wp-json\/wp\/v2\/posts\/7955\/revisions\/7967"}],"wp:featuredmedia":[{"embeddable":true,"href":"https:\/\/istitutosuperioresezze.edu.it\/scuola\/wp-json\/wp\/v2\/media\/7964"}],"wp:attachment":[{"href":"https:\/\/istitutosuperioresezze.edu.it\/scuola\/wp-json\/wp\/v2\/media?parent=7955"}],"wp:term":[{"taxonomy":"post_tag","embeddable":true,"href":"https:\/\/istitutosuperioresezze.edu.it\/scuola\/wp-json\/wp\/v2\/tags?post=7955"}],"curies":[{"name":"wp","href":"https:\/\/api.w.org\/{rel}","templated":true}]}}