{"id":8100,"date":"2026-04-16T21:40:22","date_gmt":"2026-04-16T19:40:22","guid":{"rendered":"https:\/\/istitutosuperioresezze.edu.it\/scuola\/?p=8100"},"modified":"2026-04-16T21:40:22","modified_gmt":"2026-04-16T19:40:22","slug":"un-dialogo-tra-giustizia-e-informazione","status":"publish","type":"post","link":"https:\/\/istitutosuperioresezze.edu.it\/scuola\/un-dialogo-tra-giustizia-e-informazione\/","title":{"rendered":"Un dialogo tra Giustizia e Informazione"},"content":{"rendered":"<p data-path-to-node=\"3\">Si \u00e8 concluso con un momento di altissimo valore civile il percorso formativo dedicato alla cittadinanza attiva dell\u2019<b data-path-to-node=\"3\" data-index-in-node=\"117\">IS \u201cPacifici e De Magistris\u201d di Sezze<\/b>. La cornice dell\u2019Auditorium San Michele Arcangelo ha ospitato l\u2019evento <b data-path-to-node=\"3\" data-index-in-node=\"247\">\u201cScuola, legge e rispetto: un\u2019alleanza contro la violenza\u201d<\/b>, un incontro che ha segnato il culmine di un ambizioso progetto volto a trasformare la legalit\u00e0 da concetto teorico a pratica quotidiana.<\/p>\n<h2 data-path-to-node=\"4\">Un dialogo tra Giustizia e Informazione<\/h2>\n<p data-path-to-node=\"5\">L\u2019evento ha visto la partecipazione di due relatori d\u2019eccezione, capaci di offrire agli studenti una doppia prospettiva sul tema delle regole e della convivenza civile:<\/p>\n<ul data-path-to-node=\"6\">\n<li>\n<p data-path-to-node=\"6,0,0\"><b data-path-to-node=\"6,0,0\" data-index-in-node=\"0\">La Dott.ssa Luigia Spinelli<\/b>, Procuratore Aggiunto, ha condiviso la propria esperienza in prima linea nella magistratura, offrendo una riflessione profonda sulle dinamiche della giustizia e sull\u2019importanza del contrasto a ogni forma di violenza e prevaricazione.<\/p>\n<\/li>\n<li>\n<p data-path-to-node=\"6,1,0\"><b data-path-to-node=\"6,1,0\" data-index-in-node=\"0\">Il Dott. Egidio Fia<\/b>, giornalista, ha analizzato il ruolo cruciale dell\u2019informazione. Il suo intervento ha sottolineato come la responsabilit\u00e0 individuale e la capacit\u00e0 critica nel decodificare la realt\u00e0 siano gli unici anticorpi efficaci contro il pregiudizio.<\/p>\n<\/li>\n<\/ul>\n<h2 data-path-to-node=\"7\">Il culmine di un percorso strutturato<\/h2>\n<p data-path-to-node=\"8\">L\u2019iniziativa, fortemente sostenuta dalla Dirigente Scolastica, <b data-path-to-node=\"8\" data-index-in-node=\"63\">Dott.ssa Rossella Marra<\/b>, non \u00e8 stata un episodio isolato, ma l&#8217;approdo finale di un iter educativo che ha coinvolto l&#8217;Istituto per l&#8217;intero anno scolastico.<\/p>\n<blockquote data-path-to-node=\"9\">\n<p data-path-to-node=\"9,0\">&#8220;Educare non significa solo trasmettere nozioni, ma formare coscienze capaci di riconoscere il valore della regola e la dignit\u00e0 dell\u2019altro.&#8221;<\/p>\n<\/blockquote>\n<p data-path-to-node=\"10\">Il cammino degli studenti era stato precedentemente arricchito da testimonianze di rilievo assoluto, tra cui quella di <b data-path-to-node=\"10\" data-index-in-node=\"119\">Fiammetta Borsellino<\/b>, che aveva gi\u00e0 sollecitato i ragazzi a riflettere sulla necessit\u00e0 di una memoria che si faccia impegno concreto e ricerca costante della verit\u00e0.<\/p>\n<h2 data-path-to-node=\"11\">La Scuola come presidio civile<\/h2>\n<p data-path-to-node=\"12\">Con questo incontro, l\u2019Istituto di Sezze ribadisce il proprio ruolo di <b data-path-to-node=\"12\" data-index-in-node=\"71\">fucina di cittadinanza<\/b>. Attraverso il dialogo diretto con le istituzioni e i professionisti del settore, i giovani hanno potuto acquisire strumenti critici per interpretare il vivere comune.<\/p>\n<p data-path-to-node=\"13\">L\u2019obiettivo dell\u2019Ampliamento dell\u2019Offerta Formativa resta chiaro: fare in modo che la scuola sia il luogo privilegiato dove si impara a contrastare la prevaricazione attraverso la conoscenza e il rispetto reciproco. La partecipazione entusiasta degli studenti conferma che la strada della <b data-path-to-node=\"13\" data-index-in-node=\"289\">legalit\u00e0 condivisa<\/b> \u00e8 l&#8217;unica via per costruire una societ\u00e0 pi\u00f9 equa e consapevole.<\/p>\n","protected":false},"excerpt":{"rendered":"<p>Si \u00e8 concluso con un momento di altissimo valore civile il percorso formativo dedicato alla cittadinanza attiva dell\u2019IS \u201cPacifici e De Magistris\u201d di Sezze. La cornice dell\u2019Auditorium San Michele Arcangelo ha ospitato l\u2019evento \u201cScuola, legge e [&hellip;]<\/p>\n","protected":false},"author":9,"featured_media":7958,"comment_status":"closed","ping_status":"open","sticky":false,"template":"","format":"standard","meta":{"footnotes":""},"tags":[],"class_list":["post-8100","post","type-post","status-publish","format-standard","has-post-thumbnail","hentry","tipologia-articolo-articoli-in-evidenza"],"_links":{"self":[{"href":"https:\/\/istitutosuperioresezze.edu.it\/scuola\/wp-json\/wp\/v2\/posts\/8100","targetHints":{"allow":["GET"]}}],"collection":[{"href":"https:\/\/istitutosuperioresezze.edu.it\/scuola\/wp-json\/wp\/v2\/posts"}],"about":[{"href":"https:\/\/istitutosuperioresezze.edu.it\/scuola\/wp-json\/wp\/v2\/types\/post"}],"author":[{"embeddable":true,"href":"https:\/\/istitutosuperioresezze.edu.it\/scuola\/wp-json\/wp\/v2\/users\/9"}],"replies":[{"embeddable":true,"href":"https:\/\/istitutosuperioresezze.edu.it\/scuola\/wp-json\/wp\/v2\/comments?post=8100"}],"version-history":[{"count":1,"href":"https:\/\/istitutosuperioresezze.edu.it\/scuola\/wp-json\/wp\/v2\/posts\/8100\/revisions"}],"predecessor-version":[{"id":8101,"href":"https:\/\/istitutosuperioresezze.edu.it\/scuola\/wp-json\/wp\/v2\/posts\/8100\/revisions\/8101"}],"wp:featuredmedia":[{"embeddable":true,"href":"https:\/\/istitutosuperioresezze.edu.it\/scuola\/wp-json\/wp\/v2\/media\/7958"}],"wp:attachment":[{"href":"https:\/\/istitutosuperioresezze.edu.it\/scuola\/wp-json\/wp\/v2\/media?parent=8100"}],"wp:term":[{"taxonomy":"post_tag","embeddable":true,"href":"https:\/\/istitutosuperioresezze.edu.it\/scuola\/wp-json\/wp\/v2\/tags?post=8100"}],"curies":[{"name":"wp","href":"https:\/\/api.w.org\/{rel}","templated":true}]}}