{"id":8425,"date":"2026-05-03T09:10:57","date_gmt":"2026-05-03T07:10:57","guid":{"rendered":"https:\/\/istitutosuperioresezze.edu.it\/scuola\/?p=8425"},"modified":"2026-05-03T09:21:20","modified_gmt":"2026-05-03T07:21:20","slug":"grande-successo-per-il-job-day-al-pacifici-e-de-magistris","status":"publish","type":"post","link":"https:\/\/istitutosuperioresezze.edu.it\/scuola\/grande-successo-per-il-job-day-al-pacifici-e-de-magistris\/","title":{"rendered":"Grande Successo per il Job Day al &#8220;Pacifici e De Magistris&#8221;"},"content":{"rendered":"<p data-path-to-node=\"2\"><b data-path-to-node=\"2\" data-index-in-node=\"0\">SEZZE<\/b> \u2013 Quando la scuola apre le porte al mondo del lavoro, il territorio risponde con entusiasmo e concretezza. Si \u00e8 concluso con un bilancio straordinario il <b data-path-to-node=\"2\" data-index-in-node=\"160\">Job Day 2026<\/b>, svoltosi lo scorso 30 aprile presso l\u2019ISISS \u201cPacifici e De Magistris\u201d. Una giornata intensa, dalle 10:00 alle 18:00, che ha trasformato la sede di Viale dei Cappuccini in un vero e proprio hub occupazionale, punto di incontro vitale tra formazione, istituzioni e imprese.<\/p>\n<h3 data-path-to-node=\"3\">Una Rete Territoriale d\u2019Eccellenza<\/h3>\n<p data-path-to-node=\"4\">Il successo dell\u2019iniziativa nasce da una visione condivisa e da una co-organizzazione impeccabile tra il <b data-path-to-node=\"4\" data-index-in-node=\"105\">Comune di Sezze<\/b> e l\u2019<b data-path-to-node=\"4\" data-index-in-node=\"125\">ISISS \u201cPacifici e De Magistris\u201d<\/b>. Questa solida alleanza territoriale \u00e8 stata supportata da attori di primo piano come il <b data-path-to-node=\"4\" data-index-in-node=\"246\">Coordinamento dei Centri per l\u2019Impiego della Regione Lazio<\/b>, <b data-path-to-node=\"4\" data-index-in-node=\"306\">Confcommercio Lazio Sud<\/b>, la <b data-path-to-node=\"4\" data-index-in-node=\"334\">Cooperativa Progetto 2000<\/b> e <b data-path-to-node=\"4\" data-index-in-node=\"362\">Mediaquattro ETS<\/b>.<\/p>\n<p data-path-to-node=\"5\">La presenza di <strong>tante<\/strong> <b data-path-to-node=\"5\" data-index-in-node=\"21\">aziende<\/b> e la disponibilit\u00e0 di circa <b data-path-to-node=\"5\" data-index-in-node=\"64\">cento posizioni lavorative<\/b> hanno reso il Job Day una risposta concreta alla domanda di occupazione, attirando profili eterogenei: dai diplomandi ai laureati, fino a cittadini in cerca di nuove sfide professionali.<\/p>\n<hr data-path-to-node=\"6\" \/>\n<h3 data-path-to-node=\"7\">La Scuola come Ponte: Orientamento e Recruiting<\/h3>\n<p data-path-to-node=\"8\">La giornata ha visto una gestione strategica dei flussi e dei target, sottolineando la doppia anima dell&#8217;istituzione scolastica: centro educativo e servizio per la comunit\u00e0.<\/p>\n<ul data-path-to-node=\"9\">\n<li>\n<p data-path-to-node=\"9,0,0\"><b data-path-to-node=\"9,0,0\" data-index-in-node=\"0\">La Mattina (10:00 &#8211; 14:00):<\/b> Protagonisti gli studenti del &#8220;Pacifici e De Magistris&#8221;. I futuri professionisti hanno avuto l&#8217;opportunit\u00e0 di confrontarsi direttamente con i recruiter, sperimentando colloqui conoscitivi e ricevendo preziosi spunti per l&#8217;orientamento post-diploma.<\/p>\n<\/li>\n<li>\n<p data-path-to-node=\"9,1,0\"><b data-path-to-node=\"9,1,0\" data-index-in-node=\"0\">Il Pomeriggio (15:00 &#8211; 18:00):<\/b> Le porte dell&#8217;Istituto si sono spalancate all&#8217;utenza esterna. Disoccupati, inoccupati e professionisti in cerca di riqualificazione hanno trovato un ambiente accogliente e dinamico, dove la vicinanza fisica tra domanda e offerta ha abbattuto le tradizionali barriere burocratiche.<\/p>\n<\/li>\n<\/ul>\n<hr data-path-to-node=\"10\" \/>\n<h3 data-path-to-node=\"11\">Il convegno istituzionale: la strategia della Filiera 4+2<\/h3>\n<p data-path-to-node=\"12\">Parallelamente alle attivit\u00e0 di selezione, l\u2019Aula Magna ha ospitato un dibattito di alto profilo sulle politiche attive del lavoro. Al centro del confronto: <b data-path-to-node=\"12\" data-index-in-node=\"157\">\u201cPolitiche del lavoro e della formazione per la crescita dei territori: il ruolo degli attori locali e lo sviluppo della Filiera Tecnologica e professionale 4+2\u201d<\/b>.<\/p>\n<p data-path-to-node=\"13\">Rappresentanti della <b data-path-to-node=\"13\" data-index-in-node=\"21\">Regione Lazio<\/b>, dei Comuni, dei Centri per l\u2019Impiego e della Camera di Commercio si sono confrontati con le Associazioni di Categoria e le Agenzie per il lavoro. Il focus \u00e8 stato l\u2019impatto della <b data-path-to-node=\"13\" data-index-in-node=\"215\">riforma 4+2<\/b>, un modello formativo su cui il nostro Istituto sta puntando con forza. Si \u00e8 analizzato come la continuit\u00e0 tra scuola, specializzazione tecnica superiore e mondo produttivo possa agire da vero volano per l\u2019economia pontina, garantendo alle imprese competenze aggiornate e ai giovani un inserimento lavorativo rapido e qualificato.<\/p>\n<blockquote data-path-to-node=\"14\">\n<p data-path-to-node=\"14,0\"><i data-path-to-node=\"14,0\" data-index-in-node=\"0\">&#8220;Vedere questa sinergia tra enti locali, scuola e imprese \u00e8 la dimostrazione che l\u2019educazione professionale non \u00e8 solo un percorso di studi, ma un pilastro strategico per lo sviluppo del territorio&#8221;<\/i> \u2014<\/p>\n<\/blockquote>\n<h3 data-path-to-node=\"15\">Una nuova stagione per il Territorio<\/h3>\n<p data-path-to-node=\"16\">L&#8217;evento <b data-path-to-node=\"16\" data-index-in-node=\"9\">\u201cJob Day \u2013 A Sezze Coltiviamo il Tuo Futuro\u201d<\/b> non \u00e8 stato solo un momento di incontro, ma la testimonianza di una comunit\u00e0 che sa fare sistema. Il &#8220;Pacifici e De Magistris&#8221; si conferma ancora una volta non solo come luogo di studio, ma come fulcro propulsore di opportunit\u00e0, capace di interpretare le esigenze del mercato e di trasformarle in percorsi di vita per i propri studenti e per l&#8217;intera cittadinanza.<\/p>\n<p data-path-to-node=\"17\">Il successo di questa giornata \u00e8 il punto di partenza per una programmazione territoriale sempre pi\u00f9 integrata, dove la formazione \u00e8 il seme pi\u00f9 prezioso per il futuro dei nostri giovani.<\/p>\n<p data-path-to-node=\"17\"><img decoding=\"async\" class=\"alignnone size-full wp-image-8429\" src=\"https:\/\/istitutosuperioresezze.edu.it\/scuola\/wp-content\/uploads\/2026\/05\/nuova-immagine-con-loghi-1-300x167-1.png\" alt=\"\" width=\"300\" height=\"167\" \/><\/p>\n<p data-path-to-node=\"17\"><img decoding=\"async\" class=\"alignnone size-medium wp-image-8430\" src=\"https:\/\/istitutosuperioresezze.edu.it\/scuola\/wp-content\/uploads\/2026\/05\/Gemini_Generated_Image_ocenp7ocenp7ocen-600x196-1-300x98.png\" alt=\"\" width=\"300\" height=\"98\" srcset=\"https:\/\/istitutosuperioresezze.edu.it\/scuola\/wp-content\/uploads\/2026\/05\/Gemini_Generated_Image_ocenp7ocenp7ocen-600x196-1-300x98.png 300w, https:\/\/istitutosuperioresezze.edu.it\/scuola\/wp-content\/uploads\/2026\/05\/Gemini_Generated_Image_ocenp7ocenp7ocen-600x196-1.png 600w\" sizes=\"(max-width: 300px) 100vw, 300px\" \/><\/p>\n<p data-path-to-node=\"17\">\n","protected":false},"excerpt":{"rendered":"<p>SEZZE \u2013 Quando la scuola apre le porte al mondo del lavoro, il territorio risponde con entusiasmo e concretezza. Si \u00e8 concluso con un bilancio straordinario il Job Day 2026, svoltosi lo scorso 30 aprile presso [&hellip;]<\/p>\n","protected":false},"author":9,"featured_media":8434,"comment_status":"closed","ping_status":"open","sticky":false,"template":"","format":"standard","meta":{"footnotes":""},"tags":[],"class_list":["post-8425","post","type-post","status-publish","format-standard","has-post-thumbnail","hentry","tipologia-articolo-articoli-in-evidenza"],"_links":{"self":[{"href":"https:\/\/istitutosuperioresezze.edu.it\/scuola\/wp-json\/wp\/v2\/posts\/8425","targetHints":{"allow":["GET"]}}],"collection":[{"href":"https:\/\/istitutosuperioresezze.edu.it\/scuola\/wp-json\/wp\/v2\/posts"}],"about":[{"href":"https:\/\/istitutosuperioresezze.edu.it\/scuola\/wp-json\/wp\/v2\/types\/post"}],"author":[{"embeddable":true,"href":"https:\/\/istitutosuperioresezze.edu.it\/scuola\/wp-json\/wp\/v2\/users\/9"}],"replies":[{"embeddable":true,"href":"https:\/\/istitutosuperioresezze.edu.it\/scuola\/wp-json\/wp\/v2\/comments?post=8425"}],"version-history":[{"count":3,"href":"https:\/\/istitutosuperioresezze.edu.it\/scuola\/wp-json\/wp\/v2\/posts\/8425\/revisions"}],"predecessor-version":[{"id":8433,"href":"https:\/\/istitutosuperioresezze.edu.it\/scuola\/wp-json\/wp\/v2\/posts\/8425\/revisions\/8433"}],"wp:featuredmedia":[{"embeddable":true,"href":"https:\/\/istitutosuperioresezze.edu.it\/scuola\/wp-json\/wp\/v2\/media\/8434"}],"wp:attachment":[{"href":"https:\/\/istitutosuperioresezze.edu.it\/scuola\/wp-json\/wp\/v2\/media?parent=8425"}],"wp:term":[{"taxonomy":"post_tag","embeddable":true,"href":"https:\/\/istitutosuperioresezze.edu.it\/scuola\/wp-json\/wp\/v2\/tags?post=8425"}],"curies":[{"name":"wp","href":"https:\/\/api.w.org\/{rel}","templated":true}]}}